{"id":7,"date":"2020-02-25T12:05:49","date_gmt":"2020-02-25T12:05:49","guid":{"rendered":"http:\/\/stephan.arndt.pictures\/?p=7"},"modified":"2020-02-25T12:05:49","modified_gmt":"2020-02-25T12:05:49","slug":"mein-erster-beitrag-rote-tulpe","status":"publish","type":"post","link":"http:\/\/stephan.arndt.pictures\/?p=7","title":{"rendered":"Mein erster Beitrag &#8211; Rote Tulpe"},"content":{"rendered":"\n<p>Hallo, nachdem ich heute mit einigen Schwierigkeiten meine Homepage umgestaltet habe, m\u00f6chte ich meinen ersten Beitrag ver\u00f6ffentlichen. <\/p>\n\n\n\n<p>Hier m\u00f6chte ich in unregelm\u00e4\u00dfigen Abst\u00e4nden meine Entwicklung im Bereich der Fotografie dokumentieren. Bis vor kurzem habe ich nur Fotos geknipst und fange an mich mit der Bildgestaltung von Fotos zu besch\u00e4ftigen und aus dem Automatik Modus meiner Kamera mich zu entfernen.<\/p>\n\n\n\n<p>Diese Bild ist morgens an unserem Esstisch entstanden. Die Tulpen werden senkrecht von oben durch die Esstischlampe beleuchtet. <\/p>\n","protected":false},"excerpt":{"rendered":"<p>Hallo, nachdem ich heute mit einigen Schwierigkeiten meine Homepage umgestaltet habe, m\u00f6chte ich meinen ersten Beitrag ver\u00f6ffentlichen. Hier m\u00f6chte ich in unregelm\u00e4\u00dfigen Abst\u00e4nden meine Entwicklung im Bereich der Fotografie dokumentieren. Bis vor kurzem habe ich nur Fotos geknipst und fange an mich mit der Bildgestaltung von Fotos zu besch\u00e4ftigen und aus dem Automatik Modus meiner &hellip; <\/p>\n<p class=\"link-more\"><a href=\"http:\/\/stephan.arndt.pictures\/?p=7\" class=\"more-link\"><span class=\"screen-reader-text\">\u201eMein erster Beitrag &#8211; Rote Tulpe\u201c <\/span>weiterlesen<\/a><\/p>\n","protected":false},"author":1,"featured_media":8,"comment_status":"closed","ping_status":"closed","sticky":false,"template":"","format":"standard","meta":{"footnotes":""},"categories":[2],"tags":[3,4,5],"class_list":["post-7","post","type-post","status-publish","format-standard","has-post-thumbnail","hentry","category-blumen","tag-blumen","tag-natur","tag-pflanzen"],"_links":{"self":[{"href":"http:\/\/stephan.arndt.pictures\/index.php?rest_route=\/wp\/v2\/posts\/7","targetHints":{"allow":["GET"]}}],"collection":[{"href":"http:\/\/stephan.arndt.pictures\/index.php?rest_route=\/wp\/v2\/posts"}],"about":[{"href":"http:\/\/stephan.arndt.pictures\/index.php?rest_route=\/wp\/v2\/types\/post"}],"author":[{"embeddable":true,"href":"http:\/\/stephan.arndt.pictures\/index.php?rest_route=\/wp\/v2\/users\/1"}],"replies":[{"embeddable":true,"href":"http:\/\/stephan.arndt.pictures\/index.php?rest_route=%2Fwp%2Fv2%2Fcomments&post=7"}],"version-history":[{"count":1,"href":"http:\/\/stephan.arndt.pictures\/index.php?rest_route=\/wp\/v2\/posts\/7\/revisions"}],"predecessor-version":[{"id":9,"href":"http:\/\/stephan.arndt.pictures\/index.php?rest_route=\/wp\/v2\/posts\/7\/revisions\/9"}],"wp:featuredmedia":[{"embeddable":true,"href":"http:\/\/stephan.arndt.pictures\/index.php?rest_route=\/wp\/v2\/media\/8"}],"wp:attachment":[{"href":"http:\/\/stephan.arndt.pictures\/index.php?rest_route=%2Fwp%2Fv2%2Fmedia&parent=7"}],"wp:term":[{"taxonomy":"category","embeddable":true,"href":"http:\/\/stephan.arndt.pictures\/index.php?rest_route=%2Fwp%2Fv2%2Fcategories&post=7"},{"taxonomy":"post_tag","embeddable":true,"href":"http:\/\/stephan.arndt.pictures\/index.php?rest_route=%2Fwp%2Fv2%2Ftags&post=7"}],"curies":[{"name":"wp","href":"https:\/\/api.w.org\/{rel}","templated":true}]}}